{"id":839,"date":"2016-09-26T11:33:22","date_gmt":"2016-09-26T08:33:22","guid":{"rendered":"http:\/\/sireti.sat.md\/?p=839"},"modified":"2016-12-27T11:47:12","modified_gmt":"2016-12-27T09:47:12","slug":"ziua-lucratorului-din-sfera-protectiei-sociale-a-populatiei-2016","status":"publish","type":"post","link":"http:\/\/sireti.sat.md\/?p=839","title":{"rendered":"Ziua lucr\u0103torului din sfera protec\u0163iei sociale a popula\u0163iei 2016"},"content":{"rendered":"<p>Stima\u021bi angaja\u021bi din sfera social\u0103,<\/p>\n<p>\u00cen a treia duminic\u0103 a lunii septembrie \u00een Republica Moldova se s\u0103rb\u0103tore\u015fte Ziua lucr\u0103torului din sfera protec\u0163iei sociale a popula\u0163iei, prilej pentru care v\u0103 adres\u0103m \u00a0sincere ur\u0103ri de bine, prosperitate \u0219i \u00eempliniri \u00een plan profesional. Activitatea profesional\u0103 pe care o desf\u0103\u0219ura\u021bi nu este deloc u\u0219oar\u0103, datorit\u0103 rolului pe care \u00eel ave\u021bi la asistarea \u0219i sprijinirea celor mai defavorizate categorii de popula\u021bie. Dumneavoastr\u0103 sunte\u021bi cei ca<span class=\"text_exposed_show\">re asigura\u021bi asisten\u021ba social\u0103 a acestor persoane sporind astfel \u00eencrederea \u00een ziua de m\u00eeine.<br \/>\nV\u0103 ur\u0103m\u00a0ca \u0219i \u00een continuare s\u0103 da\u0163i dovad\u0103 de profesionalism, \u00een\u0163elegere, \u00een\u0163elepciune \u0219i r\u0103bdare \u00een activitatea de zi cu zi.<br \/>\n<\/span><\/p>\n<div class=\"text_exposed_show\">\n<p>Administra\u021bia Prim\u0103riei Sire\u021bi!!!<\/p>\n<\/div>\n","protected":false},"excerpt":{"rendered":"<p>Stima\u021bi angaja\u021bi din sfera social\u0103, \u00cen a treia duminic\u0103 a lunii septembrie \u00een Republica Moldova se s\u0103rb\u0103tore\u015fte Ziua lucr\u0103torului din sfera protec\u0163iei sociale a popula\u0163iei, prilej pentru care v\u0103 adres\u0103m \u00a0sincere ur\u0103ri de bine, prosperitate \u0219i \u00eempliniri \u00een plan profesional. Activitatea profesional\u0103 pe care o desf\u0103\u0219ura\u021bi nu este deloc u\u0219oar\u0103, datorit\u0103 rolului pe care \u00eel [&hellip;]<\/p>\n","protected":false},"author":15,"featured_media":840,"comment_status":"open","ping_status":"open","sticky":false,"template":"","format":"standard","meta":{"footnotes":""},"categories":[1],"tags":[],"class_list":["post-839","post","type-post","status-publish","format-standard","has-post-thumbnail","hentry","category-fara-categorie"],"_links":{"self":[{"href":"http:\/\/sireti.sat.md\/index.php?rest_route=\/wp\/v2\/posts\/839","targetHints":{"allow":["GET"]}}],"collection":[{"href":"http:\/\/sireti.sat.md\/index.php?rest_route=\/wp\/v2\/posts"}],"about":[{"href":"http:\/\/sireti.sat.md\/index.php?rest_route=\/wp\/v2\/types\/post"}],"author":[{"embeddable":true,"href":"http:\/\/sireti.sat.md\/index.php?rest_route=\/wp\/v2\/users\/15"}],"replies":[{"embeddable":true,"href":"http:\/\/sireti.sat.md\/index.php?rest_route=%2Fwp%2Fv2%2Fcomments&post=839"}],"version-history":[{"count":2,"href":"http:\/\/sireti.sat.md\/index.php?rest_route=\/wp\/v2\/posts\/839\/revisions"}],"predecessor-version":[{"id":842,"href":"http:\/\/sireti.sat.md\/index.php?rest_route=\/wp\/v2\/posts\/839\/revisions\/842"}],"wp:featuredmedia":[{"embeddable":true,"href":"http:\/\/sireti.sat.md\/index.php?rest_route=\/wp\/v2\/media\/840"}],"wp:attachment":[{"href":"http:\/\/sireti.sat.md\/index.php?rest_route=%2Fwp%2Fv2%2Fmedia&parent=839"}],"wp:term":[{"taxonomy":"category","embeddable":true,"href":"http:\/\/sireti.sat.md\/index.php?rest_route=%2Fwp%2Fv2%2Fcategories&post=839"},{"taxonomy":"post_tag","embeddable":true,"href":"http:\/\/sireti.sat.md\/index.php?rest_route=%2Fwp%2Fv2%2Ftags&post=839"}],"curies":[{"name":"wp","href":"https:\/\/api.w.org\/{rel}","templated":true}]}}