{"id":2173,"date":"2023-04-15T12:37:58","date_gmt":"2023-04-15T09:37:58","guid":{"rendered":"http:\/\/sireti.sat.md\/?p=2173"},"modified":"2023-04-15T12:37:58","modified_gmt":"2023-04-15T09:37:58","slug":"comunicat-referitor-la-cazul-copiilor-minori-suhan-l-l","status":"publish","type":"post","link":"https:\/\/sireti.sat.md\/?p=2173","title":{"rendered":"Comunicat referitor la cazul copiilor minori Suhan L.&amp;L."},"content":{"rendered":"<p><strong><em>COMUNICAT <\/em><\/strong><\/p>\n<p>&nbsp;<\/p>\n<p>Prin prezenta, Prim\u0103ria Sire\u021bi \u00een contextul apari\u021biei pe social-media a informa\u021biilor denigratoare, p\u0103rtinitoare \u0219i false asupra cazului copiilor minori Suhan\u00a0 L \u0219i L, v\u0103 inform\u0103m c\u0103 autoritatea public\u0103 local\u0103 a \u00eentreprins toate ac\u021biunile necesare pornind de la interesul superior al copiilor (legea 140\/2013 art.3). Lipsa de etic\u0103 profesional\u0103 \u0219i mediatizarea cazului dat v\u0103dit distorsionat pe social media denot\u0103 un alt interes dec\u00e2t cel al copiilor minori.<\/p>\n<p>Pornind de la interesul superior al copiilor, Prim\u0103ria Sire\u021bi \u00een urma sesiz\u0103rii din 14.02.2023, \u00een conformitate cu art. 8 a legii 140 din 2013 a efectuat o vizita \u00een aceia\u0219i zi \u00een satul Hagimus, raionul C\u0103u\u0219eni pentru a se documenta unde locuiesc copii cu mama lor, care cu o zi \u00eenainte a luat toate documentele de la liceul din satul Sire\u021bi \u0219i gr\u0103dini\u021ba, declar\u00e2nd c\u0103 inten\u021bioneaz\u0103 s\u0103 plece peste hotarele Republicii Moldova \u0219i a dus copii \u00een satul Hagimus f\u0103r\u0103 a asigura \u0219colarizarea acestora \u0219i f\u0103r\u0103 a prezenta careva documente de \u0219colarizare. Men\u021bion\u0103m c\u0103 anterior mama a mai dus copii la Hagimus, dar din cauza condi\u021biilor neadecvate pentru copii, a revenit la Sire\u021bi (2021)<\/p>\n<p>La fata locului Prim\u0103ria Hagimus ne-a comunicat c\u0103 Calancea Doina s-a adresat pentru a institui custodie pe sora concubinului ei dar \u00eentruc\u00e2t nu este acordul tat\u0103lui biologic urmau s\u0103 primeasc\u0103 refuz. V\u0103z\u00e2nd care e situa\u021bia s-a decis de comun acord cu toate p\u0103r\u021bile ca copiii s\u0103 plece la bunica (care le poate asigura toate condi\u021biile minime de trai, educa\u021bie,etc.) decizie luat\u0103 \u00eempreun\u0103 cu tat\u0103l s\u0103u biologic p\u00e2n\u0103 c\u00e2nd autorit\u0103\u021bile tutelare locale \u0219i teritoriale vor efectua evaluarea complex\u0103 a situa\u021biei copiilor. La fel a fost efectuat raportul de evaluare psihologic\u0103 a copiilor de c\u0103tre Serviciu Asisten\u021b\u0103 Psihopedagogic\u0103 Str\u0103\u0219eni (SAP), la care copii s-au expus c\u0103 vor s\u0103 locuiasc\u0103 la Sire\u021bi, acolo unde este domiciliul mamei, \u00eempreun\u0103 cu bunica. \u00cen regim de urgen\u021b\u0103 \u00een ziua c\u00e2nd a parvenit la prim\u0103rie raportul de evaluare psihologic\u0103 la data de 02.03.2023 a fost convocat\u0103 comisia multidisciplinar\u0103 a prim\u0103riei \u00een care l-a fel s-a decis plasarea de urgen\u021b\u0103 a copiilor \u00een familia bunicii acestora, deoarece mama copiilor minori inten\u021biona s\u0103 lase copii minori f\u0103r\u0103 custodie \u00een satul Hagimus, iar ea s\u0103 plece \u00een Italia la munc\u0103. Men\u021bion\u0103m ca mama duce un mod dezorganizat de via\u021b\u0103, nu are un loc de munca stabil \u0219i nu poate asigura un trai decent cu un minim obligatori de via\u021b\u0103 copiilor.<\/p>\n<p>\u00centr-u prezentarea ac\u021biunilor \u0219i a documentelor de referin\u021ba asupra cazului copiilor minori Suhan L. \u0219i Suhan L., v\u0103 st\u0103m la dispozi\u021bie \u0219i v\u0103 putem oferi toate detaliile \u0219i actele doveditoare despre caz. Ne pute\u021bi contacta la num\u0103rul de telefon +37369586536 sau planifica o vizit\u0103 \u00een teritoriu la Prim\u0103ria Sire\u021bi f\u0103c\u00e2nd un apel prealabil de stabilire a date \u0219i orei de vizit\u0103.<\/p>\n","protected":false},"excerpt":{"rendered":"<p>COMUNICAT &nbsp; Prin prezenta, Prim\u0103ria Sire\u021bi \u00een contextul apari\u021biei pe social-media a informa\u021biilor denigratoare, p\u0103rtinitoare \u0219i false asupra cazului copiilor minori Suhan\u00a0 L \u0219i L, v\u0103 inform\u0103m c\u0103 autoritatea public\u0103 local\u0103 a \u00eentreprins toate ac\u021biunile necesare pornind de la interesul superior al copiilor (legea 140\/2013 art.3). Lipsa de etic\u0103 profesional\u0103 \u0219i mediatizarea cazului dat v\u0103dit [&hellip;]<\/p>\n","protected":false},"author":15,"featured_media":2174,"comment_status":"open","ping_status":"open","sticky":false,"template":"","format":"standard","meta":{"footnotes":""},"categories":[1],"tags":[],"class_list":["post-2173","post","type-post","status-publish","format-standard","has-post-thumbnail","hentry","category-fara-categorie"],"_links":{"self":[{"href":"https:\/\/sireti.sat.md\/index.php?rest_route=\/wp\/v2\/posts\/2173","targetHints":{"allow":["GET"]}}],"collection":[{"href":"https:\/\/sireti.sat.md\/index.php?rest_route=\/wp\/v2\/posts"}],"about":[{"href":"https:\/\/sireti.sat.md\/index.php?rest_route=\/wp\/v2\/types\/post"}],"author":[{"embeddable":true,"href":"https:\/\/sireti.sat.md\/index.php?rest_route=\/wp\/v2\/users\/15"}],"replies":[{"embeddable":true,"href":"https:\/\/sireti.sat.md\/index.php?rest_route=%2Fwp%2Fv2%2Fcomments&post=2173"}],"version-history":[{"count":1,"href":"https:\/\/sireti.sat.md\/index.php?rest_route=\/wp\/v2\/posts\/2173\/revisions"}],"predecessor-version":[{"id":2175,"href":"https:\/\/sireti.sat.md\/index.php?rest_route=\/wp\/v2\/posts\/2173\/revisions\/2175"}],"wp:featuredmedia":[{"embeddable":true,"href":"https:\/\/sireti.sat.md\/index.php?rest_route=\/wp\/v2\/media\/2174"}],"wp:attachment":[{"href":"https:\/\/sireti.sat.md\/index.php?rest_route=%2Fwp%2Fv2%2Fmedia&parent=2173"}],"wp:term":[{"taxonomy":"category","embeddable":true,"href":"https:\/\/sireti.sat.md\/index.php?rest_route=%2Fwp%2Fv2%2Fcategories&post=2173"},{"taxonomy":"post_tag","embeddable":true,"href":"https:\/\/sireti.sat.md\/index.php?rest_route=%2Fwp%2Fv2%2Ftags&post=2173"}],"curies":[{"name":"wp","href":"https:\/\/api.w.org\/{rel}","templated":true}]}}