{"id":2330,"date":"2023-11-21T16:57:15","date_gmt":"2023-11-21T14:57:15","guid":{"rendered":"http:\/\/sireti.sat.md\/?p=2330"},"modified":"2023-11-21T16:59:40","modified_gmt":"2023-11-21T14:59:40","slug":"focas-un-instrument-de-auto-monitorizare-si-evaluare-a-apl-urilor","status":"publish","type":"post","link":"https:\/\/sireti.sat.md\/?p=2330","title":{"rendered":"FOCAS &#8211; un instrument de auto-monitorizare \u0219i evaluare a APL-urilor"},"content":{"rendered":"<p>Satul Sire\u021bi este \u00eentr-o continu\u0103 dezvoltare, baz\u00e2ndu-se \u00een acest proces pe colaborarea cu diferi\u021bi parteneri, cum ar fi Programul USAID Comunitatea Mea (CM) din Moldova.<\/p>\n<p>\u00cen procesul de dezvoltare al Autorit\u0103\u021bilor publice locale (APL)\u00a0 Programul USAID Comunitatea Mea (CM) din Moldova a implementat instrumentul de evaluare a capacit\u0103\u021bii organiza\u021bionale \u0219i func\u021bionale (FOCAS), elaborat de Tetra Tech (partener al IREX \u00een implementarea Programului CM), pentru a evalua capacit\u0103\u021bile autorit\u0103\u021bilor administra\u021biei publice locale de nivelul \u00eent\u00e2i &#8211; partenerilor de program.<\/p>\n<p>Astfel, al treilea an consecutiv, prim\u0103ria Sire\u021bi completeaz\u0103 tabelul FOCAS &#8211; un formular de evaluare al celor mai importante func\u021bii ale APL, iar\u00a0 rezultatul acestei auto-evalu\u0103ri este planul de ac\u021biuni elaborat \u0219i implementat pe parcursul anului viitor.<br \/>\nV\u0103 \u00eenvit\u0103m s\u0103 face\u021bi cuno\u0219tin\u021b\u0103 cu rezultatele evalu\u0103rii \u0219i planul de ac\u021biuni pentru anul 2023-2024!<\/p>\n<p><a href=\"http:\/\/sireti.sat.md\/wp-content\/uploads\/sites\/68\/2023\/11\/Sireti_FOCAS-Tabel-2023-rev.pdf\">Sireti_FOCAS Tabel 2023 rev<\/a><\/p>\n<p><a href=\"http:\/\/sireti.sat.md\/wp-content\/uploads\/sites\/68\/2023\/11\/Sireti_Plan-de-Actiuni-FOCAS-2023-rev.pdf\">Sireti_Plan de Actiuni FOCAS 2023 rev<\/a><a href=\"http:\/\/sireti.sat.md\/wp-content\/uploads\/sites\/68\/2023\/11\/irex.jpg\">\u00a0<\/a><\/p>\n<p><a href=\"http:\/\/sireti.sat.md\/wp-content\/uploads\/sites\/68\/2023\/11\/IREX-Jobs.jpg\"><img loading=\"lazy\" decoding=\"async\" class=\"alignnone wp-image-2335\" src=\"http:\/\/sireti.sat.md\/wp-content\/uploads\/sites\/68\/2023\/11\/IREX-Jobs-300x169.jpg\" alt=\"\" width=\"263\" height=\"148\" srcset=\"https:\/\/sireti.sat.md\/wp-content\/uploads\/sites\/68\/2023\/11\/IREX-Jobs-300x169.jpg 300w, https:\/\/sireti.sat.md\/wp-content\/uploads\/sites\/68\/2023\/11\/IREX-Jobs.jpg 400w\" sizes=\"auto, (max-width: 263px) 100vw, 263px\" \/><\/a><a href=\"http:\/\/sireti.sat.md\/wp-content\/uploads\/sites\/68\/2023\/11\/irex.jpg\">\u00a0\u00a0<\/a><a href=\"http:\/\/sireti.sat.md\/wp-content\/uploads\/sites\/68\/2023\/11\/usaid.png\"><img loading=\"lazy\" decoding=\"async\" class=\"alignnone wp-image-2334\" src=\"http:\/\/sireti.sat.md\/wp-content\/uploads\/sites\/68\/2023\/11\/usaid-300x90.png\" alt=\"\" width=\"393\" height=\"118\" srcset=\"https:\/\/sireti.sat.md\/wp-content\/uploads\/sites\/68\/2023\/11\/usaid-300x90.png 300w, https:\/\/sireti.sat.md\/wp-content\/uploads\/sites\/68\/2023\/11\/usaid.png 410w\" sizes=\"auto, (max-width: 393px) 100vw, 393px\" \/><\/a><\/p>\n","protected":false},"excerpt":{"rendered":"<p>Satul Sire\u021bi este \u00eentr-o continu\u0103 dezvoltare, baz\u00e2ndu-se \u00een acest proces pe colaborarea cu diferi\u021bi parteneri, cum ar fi Programul USAID Comunitatea Mea (CM) din Moldova. \u00cen procesul de dezvoltare al Autorit\u0103\u021bilor publice locale (APL)\u00a0 Programul USAID Comunitatea Mea (CM) din Moldova a implementat instrumentul de evaluare a capacit\u0103\u021bii organiza\u021bionale \u0219i func\u021bionale (FOCAS), elaborat de Tetra [&hellip;]<\/p>\n","protected":false},"author":15,"featured_media":0,"comment_status":"open","ping_status":"open","sticky":false,"template":"","format":"standard","meta":{"footnotes":""},"categories":[1],"tags":[],"class_list":["post-2330","post","type-post","status-publish","format-standard","hentry","category-fara-categorie"],"_links":{"self":[{"href":"https:\/\/sireti.sat.md\/index.php?rest_route=\/wp\/v2\/posts\/2330","targetHints":{"allow":["GET"]}}],"collection":[{"href":"https:\/\/sireti.sat.md\/index.php?rest_route=\/wp\/v2\/posts"}],"about":[{"href":"https:\/\/sireti.sat.md\/index.php?rest_route=\/wp\/v2\/types\/post"}],"author":[{"embeddable":true,"href":"https:\/\/sireti.sat.md\/index.php?rest_route=\/wp\/v2\/users\/15"}],"replies":[{"embeddable":true,"href":"https:\/\/sireti.sat.md\/index.php?rest_route=%2Fwp%2Fv2%2Fcomments&post=2330"}],"version-history":[{"count":3,"href":"https:\/\/sireti.sat.md\/index.php?rest_route=\/wp\/v2\/posts\/2330\/revisions"}],"predecessor-version":[{"id":2338,"href":"https:\/\/sireti.sat.md\/index.php?rest_route=\/wp\/v2\/posts\/2330\/revisions\/2338"}],"wp:attachment":[{"href":"https:\/\/sireti.sat.md\/index.php?rest_route=%2Fwp%2Fv2%2Fmedia&parent=2330"}],"wp:term":[{"taxonomy":"category","embeddable":true,"href":"https:\/\/sireti.sat.md\/index.php?rest_route=%2Fwp%2Fv2%2Fcategories&post=2330"},{"taxonomy":"post_tag","embeddable":true,"href":"https:\/\/sireti.sat.md\/index.php?rest_route=%2Fwp%2Fv2%2Ftags&post=2330"}],"curies":[{"name":"wp","href":"https:\/\/api.w.org\/{rel}","templated":true}]}}