{"id":2376,"date":"2023-11-28T08:09:04","date_gmt":"2023-11-28T06:09:04","guid":{"rendered":"http:\/\/sireti.sat.md\/?p=2376"},"modified":"2023-12-11T13:27:55","modified_gmt":"2023-12-11T11:27:55","slug":"sedinta-de-constiuire-a-consiliului-local-sireti","status":"publish","type":"post","link":"https:\/\/sireti.sat.md\/?p=2376","title":{"rendered":"\u0218edin\u021ba de constituire a Consiliului local Sire\u021bi"},"content":{"rendered":"<p>Dragi locuitori ai s. Sire\u021bi!<\/p>\n<p>Ieri 28 noiembrie 2023, la ora 15.00, Prim\u0103ria Sire\u021bi a g\u0103zduit \u0219edin\u021ba de constituire a consiliului local Sire\u021bi, format conform rezultatelor alegerilor generale din 05.11.2023.<\/p>\n<p>Suntem bucuro\u0219i s\u0103 v\u0103 anun\u021b\u0103m, c\u0103 din cei 15 consilieri care au acces \u00een consiliul local, au fost prezen\u021bi to\u021bi, fapt ce denot\u0103 responsabilitatea \u0219i implicarea consilierilor \u00een procesul decizional. Deciziile adoptate \u00een \u0219edin\u021ba de constituire au fost la tema:<\/p>\n<ol>\n<li>Aducerea la cuno\u015ftin\u0163\u0103 de c\u0103tre reprezentantul consiliului electoral de circumscrip\u0163ie sau al Comisiei Electorale Centrale a hot\u0103r\u00e2rii consiliului electoral respectiv privind atribuirea mandatelor de consilier;<\/li>\n<li>Ini\u0163ierea constituirii frac\u0163iunilor, a alian\u0163elor, a blocurilor;<\/li>\n<li>Ini\u0163ierea constituirii comisiilor consultative de specialitate.<\/li>\n<\/ol>\n<p>Mai multe detalii pute\u021bi g\u0103si la rubrica deciziile consiliului local.<\/p>\n<p>De asemenea, ne-au bucurat cu prezen\u021ba:<\/p>\n<p>P\u0103rintele Arhimandrit Porfirie &#8211; stare\u021bul M\u0103n\u0103stirii Iacov Persul din s. Sire\u021bi<\/p>\n<p>Directorii institu\u021biilor din localitate<\/p>\n<p>Membrii colectivului de seniori \u201d\u021a\u0103r\u0103ncu\u021ba\u201d &#8211; care au venit cu un mesaj de bun augur pentru primar \u0219i consilierii ale\u0219i.<br \/>\nMul\u021bumim tuturor pentru prezen\u021b\u0103 \u0219i s\u0103 avem spor!<\/p>\n","protected":false},"excerpt":{"rendered":"<p>Dragi locuitori ai s. Sire\u021bi! Ieri 28 noiembrie 2023, la ora 15.00, Prim\u0103ria Sire\u021bi a g\u0103zduit \u0219edin\u021ba de constituire a consiliului local Sire\u021bi, format conform rezultatelor alegerilor generale din 05.11.2023. Suntem bucuro\u0219i s\u0103 v\u0103 anun\u021b\u0103m, c\u0103 din cei 15 consilieri care au acces \u00een consiliul local, au fost prezen\u021bi to\u021bi, fapt ce denot\u0103 responsabilitatea \u0219i [&hellip;]<\/p>\n","protected":false},"author":15,"featured_media":0,"comment_status":"open","ping_status":"open","sticky":false,"template":"","format":"standard","meta":{"footnotes":""},"categories":[1],"tags":[],"class_list":["post-2376","post","type-post","status-publish","format-standard","hentry","category-fara-categorie"],"_links":{"self":[{"href":"https:\/\/sireti.sat.md\/index.php?rest_route=\/wp\/v2\/posts\/2376","targetHints":{"allow":["GET"]}}],"collection":[{"href":"https:\/\/sireti.sat.md\/index.php?rest_route=\/wp\/v2\/posts"}],"about":[{"href":"https:\/\/sireti.sat.md\/index.php?rest_route=\/wp\/v2\/types\/post"}],"author":[{"embeddable":true,"href":"https:\/\/sireti.sat.md\/index.php?rest_route=\/wp\/v2\/users\/15"}],"replies":[{"embeddable":true,"href":"https:\/\/sireti.sat.md\/index.php?rest_route=%2Fwp%2Fv2%2Fcomments&post=2376"}],"version-history":[{"count":3,"href":"https:\/\/sireti.sat.md\/index.php?rest_route=\/wp\/v2\/posts\/2376\/revisions"}],"predecessor-version":[{"id":2384,"href":"https:\/\/sireti.sat.md\/index.php?rest_route=\/wp\/v2\/posts\/2376\/revisions\/2384"}],"wp:attachment":[{"href":"https:\/\/sireti.sat.md\/index.php?rest_route=%2Fwp%2Fv2%2Fmedia&parent=2376"}],"wp:term":[{"taxonomy":"category","embeddable":true,"href":"https:\/\/sireti.sat.md\/index.php?rest_route=%2Fwp%2Fv2%2Fcategories&post=2376"},{"taxonomy":"post_tag","embeddable":true,"href":"https:\/\/sireti.sat.md\/index.php?rest_route=%2Fwp%2Fv2%2Ftags&post=2376"}],"curies":[{"name":"wp","href":"https:\/\/api.w.org\/{rel}","templated":true}]}}