{"id":2511,"date":"2024-03-21T14:05:57","date_gmt":"2024-03-21T12:05:57","guid":{"rendered":"http:\/\/sireti.sat.md\/?p=2511"},"modified":"2024-04-10T08:24:48","modified_gmt":"2024-04-10T05:24:48","slug":"sedinta-ordinara-a-consiliului-local-din-29-03-2024-ora-1500","status":"publish","type":"post","link":"https:\/\/sireti.sat.md\/?p=2511","title":{"rendered":"\u0218edin\u021ba ordinar\u0103 a consiliului local din 29.03.2024 ora 15:00"},"content":{"rendered":"<p>Dragi locuitori ai s. Sire\u021bi!<\/p>\n<p>V\u0103 anun\u021b\u0103m, c\u0103 \u00een conformitate cu prevederile art.16 al Legii nr. 436-XVI din 28.12.2006, privind Administra\u0163ia public\u0103 local\u0103, prin Dispozi\u0163ia primarului s. Sire\u0163i nr. 30 din 21.03.2024 se convoac\u0103 Consiliul s\u0103tesc \u00een \u015fedin\u0163\u0103 ordinar\u0103, la data de 29.03.2024 cu \u00eencepere de la ora 15.00 \u00een incinta Prim\u0103riei Sire\u021bi.<\/p>\n<p>Cu ordinea de zi \u0219i proiectele de decizii pute\u021bi face cuno\u0219tin\u021b\u0103 \u00een fi\u0219ierul de mai jos.<\/p>\n<p>De asemenea v\u0103 reamintim, c\u0103 conform prevederilor art.17 al Legii nr. 436-XVI din 28.12.2006, privind Administra\u0163ia public\u0103 local\u0103,\u00a0\u00a0\u0219edin\u0163ele consiliului local sunt publice.<\/p>\n<p><a href=\"http:\/\/sireti.sat.md\/wp-content\/uploads\/sites\/68\/2024\/03\/Ordinea-de-zi-si-proiecte-de-decizii-CL02-din-29.03.2024.pdf\">Ordinea de zi si proiecte de decizii ale \u0219edin\u021bei ordinare a consiliului local din 29.03.2024<\/a><\/p>\n<p>***Deciziile adoptate \u00een cadrul acestei \u0219edin\u021be, le pute\u021bi g\u0103si acces\u00e2nd urm\u0103torul link:\u00a0<a href=\"https:\/\/sireti.sat.md\/?page_id=1835\">https:\/\/sireti.sat.md\/?page_id=1835<\/a><\/p>\n","protected":false},"excerpt":{"rendered":"<p>Dragi locuitori ai s. Sire\u021bi! V\u0103 anun\u021b\u0103m, c\u0103 \u00een conformitate cu prevederile art.16 al Legii nr. 436-XVI din 28.12.2006, privind Administra\u0163ia public\u0103 local\u0103, prin Dispozi\u0163ia primarului s. Sire\u0163i nr. 30 din 21.03.2024 se convoac\u0103 Consiliul s\u0103tesc \u00een \u015fedin\u0163\u0103 ordinar\u0103, la data de 29.03.2024 cu \u00eencepere de la ora 15.00 \u00een incinta Prim\u0103riei Sire\u021bi. Cu ordinea [&hellip;]<\/p>\n","protected":false},"author":15,"featured_media":0,"comment_status":"open","ping_status":"open","sticky":false,"template":"","format":"standard","meta":{"footnotes":""},"categories":[1],"tags":[],"class_list":["post-2511","post","type-post","status-publish","format-standard","hentry","category-fara-categorie"],"_links":{"self":[{"href":"https:\/\/sireti.sat.md\/index.php?rest_route=\/wp\/v2\/posts\/2511","targetHints":{"allow":["GET"]}}],"collection":[{"href":"https:\/\/sireti.sat.md\/index.php?rest_route=\/wp\/v2\/posts"}],"about":[{"href":"https:\/\/sireti.sat.md\/index.php?rest_route=\/wp\/v2\/types\/post"}],"author":[{"embeddable":true,"href":"https:\/\/sireti.sat.md\/index.php?rest_route=\/wp\/v2\/users\/15"}],"replies":[{"embeddable":true,"href":"https:\/\/sireti.sat.md\/index.php?rest_route=%2Fwp%2Fv2%2Fcomments&post=2511"}],"version-history":[{"count":5,"href":"https:\/\/sireti.sat.md\/index.php?rest_route=\/wp\/v2\/posts\/2511\/revisions"}],"predecessor-version":[{"id":2540,"href":"https:\/\/sireti.sat.md\/index.php?rest_route=\/wp\/v2\/posts\/2511\/revisions\/2540"}],"wp:attachment":[{"href":"https:\/\/sireti.sat.md\/index.php?rest_route=%2Fwp%2Fv2%2Fmedia&parent=2511"}],"wp:term":[{"taxonomy":"category","embeddable":true,"href":"https:\/\/sireti.sat.md\/index.php?rest_route=%2Fwp%2Fv2%2Fcategories&post=2511"},{"taxonomy":"post_tag","embeddable":true,"href":"https:\/\/sireti.sat.md\/index.php?rest_route=%2Fwp%2Fv2%2Ftags&post=2511"}],"curies":[{"name":"wp","href":"https:\/\/api.w.org\/{rel}","templated":true}]}}