{"id":2932,"date":"2025-05-30T12:34:49","date_gmt":"2025-05-30T09:34:49","guid":{"rendered":"http:\/\/sireti.sat.md\/?p=2932"},"modified":"2025-05-30T12:56:26","modified_gmt":"2025-05-30T09:56:26","slug":"satul-sireti-parte-a-proiectului-european-foryouth-dedicat-implicarii-active-a-tinerilor-in-viata-comunitatii","status":"publish","type":"post","link":"https:\/\/sireti.sat.md\/?p=2932","title":{"rendered":"Satul Sire\u021bi \u2013 parte a proiectului european \u201eForYouth\u201d, dedicat implic\u0103rii active a tinerilor \u00een via\u021ba comunit\u0103\u021bii"},"content":{"rendered":"<p data-start=\"316\" data-end=\"674\">Prim\u0103ria satului Sire\u021bi are pl\u0103cerea s\u0103 anun\u021be implicarea activ\u0103 a localit\u0103\u021bii noastre \u00een cadrul proiectului interna\u021bional <strong data-start=\"439\" data-end=\"509\">\u201eFinding new ways to engage, connect and empower youth\u201d \u2013 ForYouth<\/strong>, finan\u021bat prin <strong data-start=\"525\" data-end=\"564\">Programul Interreg Europe 2025\u20132029<\/strong>, \u00een cadrul <strong data-start=\"576\" data-end=\"629\">Obiectivului de politic\u0103 6 \u2013 O mai bun\u0103 guvernare<\/strong>, Obiectiv specific \u2013 Guvernarea politicilor.<\/p>\n<p data-start=\"676\" data-end=\"1154\">Proiectul ForYouth urm\u0103re\u0219te dezvoltarea \u0219i \u00eembun\u0103t\u0103\u021birea politicilor publice dedicate tinerilor, stimul\u00e2nd participarea acestora \u00een via\u021ba civic\u0103, democratic\u0103 \u0219i decizional\u0103 la nivel local. Printr-o re\u021bea european\u0103 de parteneriate \u0219i schimb de bune practici, proiectul vizeaz\u0103 reducerea decalajului dintre genera\u021bia t\u00e2n\u0103r\u0103 \u0219i institu\u021biile publice, precum \u0219i promovarea unui mediu \u00een care tinerii s\u0103 se simt\u0103 valoriza\u021bi \u0219i motiva\u021bi s\u0103 contribuie activ la dezvoltarea comunit\u0103\u021bii.<\/p>\n<p data-start=\"1156\" data-end=\"1321\">Pe data de 12 mai 2025, Municipiul Alba Iulia, liderul consor\u021biului, a g\u0103zduit evenimentul de lansare a proiectului, cu participarea tuturor partenerilor europeni:<\/p>\n<ul>\n<li data-start=\"1324\" data-end=\"1350\">Ora\u0219ul Sibenik (Croa\u021bia)<\/li>\n<li data-start=\"1353\" data-end=\"1405\">Comunitatea Intercomunal\u0103 Beira Baixa (Portugalia)<\/li>\n<li data-start=\"1408\" data-end=\"1443\">Municipalitatea Storfors (Suedia)<\/li>\n<li data-start=\"1446\" data-end=\"1479\">Municipalitatea Murcia (Spania)<\/li>\n<li data-start=\"1482\" data-end=\"1535\">Universitatea de Economie din Bratislava (Slovacia)<\/li>\n<li data-start=\"1538\" data-end=\"1567\">Ora\u0219ul Magdeburg (Germania)<\/li>\n<li data-start=\"1570\" data-end=\"1613\">Prim\u0103ria Satului Sire\u021bi (Republica Moldova)<\/li>\n<\/ul>\n<p data-start=\"1615\" data-end=\"2050\">Participarea satului Sire\u021bi \u00een acest parteneriat interna\u021bional reflect\u0103 angajamentul nostru pentru sus\u021binerea \u0219i implicarea tinerilor din comunitate, cu accent pe:<br data-start=\"1778\" data-end=\"1781\" \/>&#x2705; crearea de mecanisme inovatoare pentru participarea civic\u0103 a tinerilor<br data-start=\"1853\" data-end=\"1856\" \/>&#x2705; eliminarea barierelor administrative care \u00eei descurajeaz\u0103<br data-start=\"1915\" data-end=\"1918\" \/>&#x2705; promovarea incluziunii sociale, \u00een special a tinerilor din diaspora<br data-start=\"1987\" data-end=\"1990\" \/>&#x2705; dezvoltarea unor politici locale prietenoase pentru tineri<\/p>\n<p data-start=\"2052\" data-end=\"2257\">Bugetul alocat pentru Satul Sire\u021bi \u00een cadrul proiectului este de <strong data-start=\"2117\" data-end=\"2132\">176.925 EUR<\/strong>, dintr-un buget total de <strong data-start=\"2158\" data-end=\"2175\">1.617.350 EUR<\/strong>. Activit\u0103\u021bile proiectului se vor desf\u0103\u0219ura \u00een perioada <strong data-start=\"2231\" data-end=\"2256\">mai 2025 \u2013 iulie 2029<\/strong>.<\/p>\n<p data-start=\"2259\" data-end=\"2444\">Prin implicarea \u00een proiectul ForYouth, ne propunem s\u0103 consolid\u0103m un cadru sustenabil de colaborare cu tinerii no\u0219tri, transform\u00e2ndu-i \u00een actori activi ai dezvolt\u0103rii locale \u0219i europene.<\/p>\n<p data-start=\"2446\" data-end=\"2558\">&#x1f4cc; Mai multe informa\u021bii despre proiect: <a class=\"\" href=\"https:\/\/www.interregeurope.eu\/foryouth\" target=\"_new\" rel=\"noopener\" data-start=\"2486\" data-end=\"2558\">www.interregeurope.eu\/foryouth<\/a><\/p>\n<p data-start=\"2560\" data-end=\"2635\">Pentru detalii suplimentare:<\/p>\n<p data-start=\"2560\" data-end=\"2635\"><a href=\"http:\/\/sireti.sat.md\/wp-content\/uploads\/sites\/68\/2025\/05\/Comunicat_lansare_ForYouth_Sireti.pdf\">Comunicat_lansare_ForYouth_Sireti<\/a><\/p>\n<p data-start=\"2560\" data-end=\"2635\">&#x1f4e7; <a class=\"cursor-pointer\" rel=\"noopener\" data-start=\"2592\" data-end=\"2612\">vicesocial@sireti.md<\/a><br data-start=\"2612\" data-end=\"2615\" \/>&#x1f4de; +373 68 248 885<\/p>\n","protected":false},"excerpt":{"rendered":"<p>Prim\u0103ria satului Sire\u021bi are pl\u0103cerea s\u0103 anun\u021be implicarea activ\u0103 a localit\u0103\u021bii noastre \u00een cadrul proiectului interna\u021bional \u201eFinding new ways to engage, connect and empower youth\u201d \u2013 ForYouth, finan\u021bat prin Programul Interreg Europe 2025\u20132029, \u00een cadrul Obiectivului de politic\u0103 6 \u2013 O mai bun\u0103 guvernare, Obiectiv specific \u2013 Guvernarea politicilor. Proiectul ForYouth urm\u0103re\u0219te dezvoltarea \u0219i \u00eembun\u0103t\u0103\u021birea [&hellip;]<\/p>\n","protected":false},"author":15,"featured_media":2939,"comment_status":"open","ping_status":"open","sticky":false,"template":"","format":"standard","meta":{"footnotes":""},"categories":[1],"tags":[],"class_list":["post-2932","post","type-post","status-publish","format-standard","has-post-thumbnail","hentry","category-fara-categorie"],"_links":{"self":[{"href":"https:\/\/sireti.sat.md\/index.php?rest_route=\/wp\/v2\/posts\/2932","targetHints":{"allow":["GET"]}}],"collection":[{"href":"https:\/\/sireti.sat.md\/index.php?rest_route=\/wp\/v2\/posts"}],"about":[{"href":"https:\/\/sireti.sat.md\/index.php?rest_route=\/wp\/v2\/types\/post"}],"author":[{"embeddable":true,"href":"https:\/\/sireti.sat.md\/index.php?rest_route=\/wp\/v2\/users\/15"}],"replies":[{"embeddable":true,"href":"https:\/\/sireti.sat.md\/index.php?rest_route=%2Fwp%2Fv2%2Fcomments&post=2932"}],"version-history":[{"count":4,"href":"https:\/\/sireti.sat.md\/index.php?rest_route=\/wp\/v2\/posts\/2932\/revisions"}],"predecessor-version":[{"id":2938,"href":"https:\/\/sireti.sat.md\/index.php?rest_route=\/wp\/v2\/posts\/2932\/revisions\/2938"}],"wp:featuredmedia":[{"embeddable":true,"href":"https:\/\/sireti.sat.md\/index.php?rest_route=\/wp\/v2\/media\/2939"}],"wp:attachment":[{"href":"https:\/\/sireti.sat.md\/index.php?rest_route=%2Fwp%2Fv2%2Fmedia&parent=2932"}],"wp:term":[{"taxonomy":"category","embeddable":true,"href":"https:\/\/sireti.sat.md\/index.php?rest_route=%2Fwp%2Fv2%2Fcategories&post=2932"},{"taxonomy":"post_tag","embeddable":true,"href":"https:\/\/sireti.sat.md\/index.php?rest_route=%2Fwp%2Fv2%2Ftags&post=2932"}],"curies":[{"name":"wp","href":"https:\/\/api.w.org\/{rel}","templated":true}]}}