{"id":3047,"date":"2025-09-12T16:51:02","date_gmt":"2025-09-12T13:51:02","guid":{"rendered":"http:\/\/sireti.sat.md\/?p=3047"},"modified":"2025-09-12T16:51:02","modified_gmt":"2025-09-12T13:51:02","slug":"primaria-municipiului-alba-iulia-a-gazduit-primul-eveniment-interregional-al-proiectului-foryouth","status":"publish","type":"post","link":"https:\/\/sireti.sat.md\/?p=3047","title":{"rendered":"Prim\u0103ria Municipiului Alba Iulia a g\u0103zduit primul eveniment interregional al proiectului \u201dForYouth\u201d"},"content":{"rendered":"<p><strong>Data: 12 septembrie 2025<\/strong><\/p>\n<p>Primul eveniment interregional al proiectului Interreg Europe \u201dForYouth\u201d a avut loc la Alba Iulia, \u00een perioada 9\u201310 septembrie 2025. Organizat de Prim\u0103ria municipiului Alba Iulia, \u00eent\u00e2lnirea a reunit reprezentan\u021bi din \u0219apte regiuni partenere pentru a face schimb de cuno\u0219tin\u021be, a \u00eemp\u0103rt\u0103\u0219i bune practici \u0219i a participa la activit\u0103\u021bi interactive menite s\u0103 stimuleze implicarea tinerilor.<\/p>\n<p>\u00cen prima zi, participan\u021bii au fost \u00eent\u00e2mpina\u021bi de Gabriel Ple\u0219a, primarul municipiului Alba Iulia, urmat de o prezentare a ora\u0219ului \u0219i a ini\u021biativelor sale realizat\u0103 de Maria Seemann, manager public. Sesiunea de diminea\u021b\u0103 a inclus cinci exemple locale de bune practici \u00een domeniul implic\u0103rii tinerilor:<\/p>\n<ul>\n<li><strong>Asocia\u021bia Academia de \u0218ah \u201eMihnea Costachi\u201d<\/strong> \u2013 Un t\u00e2n\u0103r campion na\u021bional de \u0219ah a contribuit activ la diversificarea vie\u021bii culturale \u0219i educa\u021bionale a ora\u0219ului Alba Iulia. Prin ini\u021biative legate de \u0219ah \u2013 ateliere, competi\u021bii, evenimente publice \u0219i activit\u0103\u021bi pentru copii \u0219i tineri \u2013 acesta a reu\u0219it s\u0103 creeze noi oportunit\u0103\u021bi de \u00eenv\u0103\u021bare, petrecere a timpului liber \u0219i dezvoltare personal\u0103. Astfel, \u0219ahul a devenit nu doar un sport, ci \u0219i un instrument de coeziune social\u0103, de promovare a ora\u0219ului \u0219i de atragere a turi\u0219tilor.<\/li>\n<li><strong>Asocia\u021bia Grupul Skepsis<\/strong> \u2013 O asocia\u021bie de teatru care func\u021bioneaz\u0103 de 23 de ani, devenind un reper cultural al ora\u0219ului. Prin intermediul acesteia, s-a creat un spa\u021biu de artistic pentru genera\u021bii \u00eentregi de tineri actori, oferindu-le oportunitatea de a se dezvolta, de a urca pe scen\u0103 \u0219i de a aduce comunit\u0103\u021bii produc\u021bii de \u00eenalt\u0103 calitate.<\/li>\n<li><strong>Alba Iulia \u2013 Capitala Tineretului din Rom\u00e2nia 2026<\/strong> \u2013 Strategii pe termen lung implic\u0103 tinerii, ONG-urile \u0219i municipalitatea \u00een co-creare prin ateliere, consult\u0103ri \u0219i activit\u0103\u021bi axate pe s\u0103n\u0103tate, dezvoltare personal\u0103, participare activ\u0103 \u0219i implicare comunitar\u0103.<\/li>\n<li><strong>Firme de exerci\u021biu la Colegiul Economic<\/strong> \u2013 \u00cenv\u0103\u021barea experien\u021bial\u0103 prin intermediul firmelor de exerci\u021biu dezvolt\u0103 abilit\u0103\u021bi antreprenoriale \u0219i profesionale pentru elevi.<\/li>\n<li><strong>Europe Goes Local<\/strong> \u2013 Cooperarea european\u0103 consolideaz\u0103 comunitatea de practic\u0103 din domeniul lucrului cu tinerii la nivel local, \u00een concordan\u021b\u0103 cu Agenda European\u0103 pentru lucrul cu tinerii \u0219i din perspectiva municipalit\u0103\u021bilor \u0219i a actorilor locali din domeniu.<\/li>\n<\/ul>\n<p>Dup\u0103-amiaza, partenerii \u0219i-au prezentat propriile abord\u0103ri regionale \u0219i bune practici:<\/p>\n<ul>\n<li><strong>Ora\u0219ul \u0160ibenik<\/strong> \u2013 are un Program Local de Tineret care \u00eembun\u0103t\u0103\u021be\u0219te via\u021ba tinerilor prin educa\u021bie, angajare, cultur\u0103 \u0219i participare civic\u0103. Ora\u0219ul a primit certificatul \u201eOra\u0219 pentru Tineret\u201d (2021, re\u00eennoit 2024\u20132027) \u0219i folose\u0219te proiecte de tip \u201egamification\u201d, precum Mobilitopoly \u0219i TTM Treasure Hunt, pentru a implica tinerii \u00een \u00eenv\u0103\u021bare \u0219i implicare comunitar\u0103.<\/li>\n<li><strong>Comunitatea Intermunicipal\u0103 Beira Baixa<\/strong> \u2013 a lansat S\u0103pt\u0103m\u00e2na Municipal\u0103 a Tineretului pentru a implica tinerii \u00een activit\u0103\u021bi culturale, educa\u021bionale \u0219i antreprenoriale. Evenimentul mobilizeaz\u0103 tinerii locali \u00een planificare \u0219i voluntariat, atr\u0103g\u00e2nd zeci de mii de vizitatori \u0219i \u00eencuraj\u00e2nd parteneriate cu \u0219coli, universit\u0103\u021bi \u0219i organiza\u021bii.<\/li>\n<li><strong>Municipalitatea Storfors<\/strong> \u2013 a prezentat Dialogul Liceal din Gislaved, Suedia, care reduce distan\u021ba dintre tineri \u0219i politicieni. Elevii \u00ee\u0219i dezvolt\u0103 abilit\u0103\u021bi democratice, iar politicienii primesc perspective noi din partea tinerilor, demonstr\u00e2nd c\u0103 dialogul structurat cu feedback real cre\u0219te participarea.<\/li>\n<li><strong>Municipiul Murcia<\/strong> \u2013 promoveaz\u0103 participarea tinerilor, oferind activit\u0103\u021bi de timp liber, culturale, educa\u021bionale \u0219i de mediu prin Serviciul de Tineret al ora\u0219ului. De asemenea, ofer\u0103 consiliere psihosocial\u0103 \u0219i orientare \u0219colar\u0103 \u0219i profesional\u0103, implic\u00e2nd tinerii \u00een proiecte precum HARMONY (Interreg) pentru s\u0103n\u0103tate mintal\u0103.<\/li>\n<li><strong>Ora\u0219ul Magdeburg<\/strong> \u2013 a dezvoltat un concept pentru spa\u021biile de joac\u0103 care asigur\u0103 accesibilitate, siguran\u021b\u0103 \u0219i design participativ. Proiectul implic\u0103 beneficiarii \u00een procesul de creare, promoveaz\u0103 sustenabilitatea \u0219i sprijin\u0103 responsabilitatea pe termen lung prin sponsoriz\u0103rile Consiliului Copiilor.<\/li>\n<li><strong>Prim\u0103ria satului Sire\u021bi<\/strong> \u2013 a dezvoltat \u201eCentrul de Tineret Sire\u021bi\u201d care promoveaz\u0103 incluziunea, dezvoltarea personal\u0103, colaborarea \u0219i implicarea civic\u0103. Organizarea taberei #Acas\u0103Camp pentru copii \u0219i tineri \u00eei implic\u0103 \u00een planificarea activit\u0103\u021bilor \u0219i utilizeaz\u0103 metode participative, asigur\u00e2nd un impact de durat\u0103 prin tabere anuale \u0219i programe permanente.<\/li>\n<\/ul>\n<p>Cea de-a doua zi a fost dedicat\u0103 schimbului de cuno\u0219tin\u021be \u0219i guvernan\u021bei proiectului. Partenerii au participat la un seminar tematic sus\u021binut de partenerul consultativ, urmat de \u0219edin\u021ba Comitetului de Coordonare, g\u0103zduit\u0103 de Prim\u0103ria municipiului Alba Iulia. Programul a continuat cu o a doua vizit\u0103 de studiu: o sesiune interactiv\u0103 de improviza\u021bie pe teme de tineret, realizat\u0103 de Teatrul Skepsis, care a oferit participan\u021bilor o perspectiv\u0103 creativ\u0103 asupra incluziunii \u0219i implic\u0103rii tinerilor.<\/p>\n<p>\u00cent\u00e2lnirea de la Alba Iulia a marcat un pas important \u00een implementarea proiectului \u201eForYouth\u201d, stimul\u00e2nd dialogul \u00eentre regiuni \u0219i cre\u00e2nd oportunit\u0103\u021bi pentru transferul de cuno\u0219tin\u021be \u0219i practici inovatoare.<\/p>\n<p>Proiectul ForYouth \u2013 \u201eG\u0103sind noi modalit\u0103\u021bi de a implica, conecta \u0219i \u00eemputernici tinerii\u201d \u2013 este finan\u021bat prin Programul Interreg Europe 2021\u20132027, \u00een cadrul Obiectivului de Politic\u0103 6 \u2013 O mai bun\u0103 guvernan\u021b\u0103, Obiectiv specific \u2013 Guvernan\u021ba politicilor. Coordonat de municipiul Alba Iulia, proiectul implic\u0103 \u0219apte parteneri: Ora\u0219ul \u0160ibenik (Croa\u021bia), Comunitatea Intermunicipal\u0103 Beira Baixa (Portugalia), Municipiul Storfors (Suedia), Municipiul Murcia (Spania), Universitatea de Economie din Bratislava (Slovacia), Ora\u0219ul Magdeburg (Germania) \u0219i Prim\u0103ria satului Sire\u021bi (Republica Moldova).<\/p>\n<p>Pe parcursul a patru ani, \u201dForYouth\u201d \u00ee\u0219i propune s\u0103 \u00eembun\u0103t\u0103\u021beasc\u0103 politicile publice care permit participarea tinerilor la procesele decizionale, abord\u00e2nd barierele \u00een calea incluziunii, implic\u00e2nd actorii relevan\u021bi \u0219i dezvolt\u00e2nd instrumente care s\u0103 \u00eencurajeze tinerii s\u0103 r\u0103m\u00e2n\u0103 activi \u00een comunit\u0103\u021bile lor.<\/p>\n<p>Mai multe informa\u021bii despre proiectul ForYouth sunt disponibile pe website-ul: <a href=\"https:\/\/www.interregeurope.eu\/foryouth\">https:\/\/www.interregeurope.eu\/foryouth<\/a><\/p>\n<p><a href=\"http:\/\/sireti.sat.md\/wp-content\/uploads\/sites\/68\/2025\/09\/Comunicat-de-pres\u0103_Vizita-Alba-Iulia-proiect-ForYouth-Interreg-Sireti.pdf\">Comunicat de pres\u0103_Vizita Alba Iulia proiect ForYouth Interreg Sireti<\/a><\/p>\n<p><strong>Valoare total\u0103 proiect (EURO): 1.617.350,00<\/strong><br \/>\n<strong>Valoare total\u0103 grant (EURO): 1.293.880,00<\/strong><br \/>\n<strong>Buget Prim\u0103ria Sire\u021bi (EURO): 176.925,00<\/strong><br \/>\n<strong>Perioada de implementare: 1 mai 2025 \u2013 31 iulie 2029<\/strong><\/p>\n<p><strong>Persoan\u0103 de contact:<\/strong><br \/>\nGabriela Samoila\u2013 Expert\u0103 comunicare<\/p>\n<p>Tel: +373 60 037 000<\/p>\n<p>E-mail: <a href=\"mailto:foryouth.communication@gmail.com\">foryouth.communication@gmail.com<\/a><\/p>\n","protected":false},"excerpt":{"rendered":"<p>Data: 12 septembrie 2025 Primul eveniment interregional al proiectului Interreg Europe \u201dForYouth\u201d a avut loc la Alba Iulia, \u00een perioada 9\u201310 septembrie 2025. Organizat de Prim\u0103ria municipiului Alba Iulia, \u00eent\u00e2lnirea a reunit reprezentan\u021bi din \u0219apte regiuni partenere pentru a face schimb de cuno\u0219tin\u021be, a \u00eemp\u0103rt\u0103\u0219i bune practici \u0219i a participa la activit\u0103\u021bi interactive menite s\u0103 [&hellip;]<\/p>\n","protected":false},"author":15,"featured_media":2939,"comment_status":"open","ping_status":"open","sticky":false,"template":"","format":"standard","meta":{"footnotes":""},"categories":[1],"tags":[],"class_list":["post-3047","post","type-post","status-publish","format-standard","has-post-thumbnail","hentry","category-fara-categorie"],"_links":{"self":[{"href":"https:\/\/sireti.sat.md\/index.php?rest_route=\/wp\/v2\/posts\/3047","targetHints":{"allow":["GET"]}}],"collection":[{"href":"https:\/\/sireti.sat.md\/index.php?rest_route=\/wp\/v2\/posts"}],"about":[{"href":"https:\/\/sireti.sat.md\/index.php?rest_route=\/wp\/v2\/types\/post"}],"author":[{"embeddable":true,"href":"https:\/\/sireti.sat.md\/index.php?rest_route=\/wp\/v2\/users\/15"}],"replies":[{"embeddable":true,"href":"https:\/\/sireti.sat.md\/index.php?rest_route=%2Fwp%2Fv2%2Fcomments&post=3047"}],"version-history":[{"count":2,"href":"https:\/\/sireti.sat.md\/index.php?rest_route=\/wp\/v2\/posts\/3047\/revisions"}],"predecessor-version":[{"id":3239,"href":"https:\/\/sireti.sat.md\/index.php?rest_route=\/wp\/v2\/posts\/3047\/revisions\/3239"}],"wp:featuredmedia":[{"embeddable":true,"href":"https:\/\/sireti.sat.md\/index.php?rest_route=\/wp\/v2\/media\/2939"}],"wp:attachment":[{"href":"https:\/\/sireti.sat.md\/index.php?rest_route=%2Fwp%2Fv2%2Fmedia&parent=3047"}],"wp:term":[{"taxonomy":"category","embeddable":true,"href":"https:\/\/sireti.sat.md\/index.php?rest_route=%2Fwp%2Fv2%2Fcategories&post=3047"},{"taxonomy":"post_tag","embeddable":true,"href":"https:\/\/sireti.sat.md\/index.php?rest_route=%2Fwp%2Fv2%2Ftags&post=3047"}],"curies":[{"name":"wp","href":"https:\/\/api.w.org\/{rel}","templated":true}]}}